{"id":587,"date":"2025-05-25T12:23:00","date_gmt":"2025-05-25T12:23:00","guid":{"rendered":"https:\/\/mgv-limburgerhof.de\/start\/?p=587"},"modified":"2025-06-29T12:34:38","modified_gmt":"2025-06-29T12:34:38","slug":"24-25-05-2025-spargelfest","status":"publish","type":"post","link":"https:\/\/mgv-limburgerhof.de\/start\/24-25-05-2025-spargelfest\/","title":{"rendered":"24. &#8211; 25.05.2025 &#8211; Spargelfest"},"content":{"rendered":"\n<p>Das j\u00e4hrliche Spargelfest des MGV wurde auch dieses Jahr wieder von vielen B\u00fcrger:innen hei\u00df erwartet. Entsprechend ausverkauft war der Gesangsverein am Sonntag, nachdem bereits am Samstag gro\u00dfe Mengen von Spargel, Kartoffeln und Schnitzel \u00fcber den Tresen gegangen waren. Auch regnerisches Wetter konnte die Freund:innen und G\u00f6nner:innen des MGV nicht stoppen. Wir danken allen, die den Weg zu uns gefunden haben!<\/p>\n\n\n\n<p><\/p>\n","protected":false},"excerpt":{"rendered":"<p>Das j\u00e4hrliche Spargelfest des MGV wurde auch dieses Jahr wieder von vielen B\u00fcrger:innen hei\u00df erwartet. Entsprechend ausverkauft war der Gesangsverein am Sonntag, nachdem bereits am Samstag gro\u00dfe Mengen von Spargel, &#8230; <a title=\"24. &#8211; 25.05.2025 &#8211; Spargelfest\" class=\"read-more\" href=\"https:\/\/mgv-limburgerhof.de\/start\/24-25-05-2025-spargelfest\/\" aria-label=\"Mehr Informationen \u00fcber 24. &#8211; 25.05.2025 &#8211; Spargelfest\">Weiterlesen<\/a><\/p>\n","protected":false},"author":1,"featured_media":0,"comment_status":"closed","ping_status":"open","sticky":false,"template":"","format":"standard","meta":{"footnotes":""},"categories":[1],"tags":[],"class_list":["post-587","post","type-post","status-publish","format-standard","hentry","category-uncategorized"],"_links":{"self":[{"href":"https:\/\/mgv-limburgerhof.de\/start\/wp-json\/wp\/v2\/posts\/587","targetHints":{"allow":["GET"]}}],"collection":[{"href":"https:\/\/mgv-limburgerhof.de\/start\/wp-json\/wp\/v2\/posts"}],"about":[{"href":"https:\/\/mgv-limburgerhof.de\/start\/wp-json\/wp\/v2\/types\/post"}],"author":[{"embeddable":true,"href":"https:\/\/mgv-limburgerhof.de\/start\/wp-json\/wp\/v2\/users\/1"}],"replies":[{"embeddable":true,"href":"https:\/\/mgv-limburgerhof.de\/start\/wp-json\/wp\/v2\/comments?post=587"}],"version-history":[{"count":1,"href":"https:\/\/mgv-limburgerhof.de\/start\/wp-json\/wp\/v2\/posts\/587\/revisions"}],"predecessor-version":[{"id":588,"href":"https:\/\/mgv-limburgerhof.de\/start\/wp-json\/wp\/v2\/posts\/587\/revisions\/588"}],"wp:attachment":[{"href":"https:\/\/mgv-limburgerhof.de\/start\/wp-json\/wp\/v2\/media?parent=587"}],"wp:term":[{"taxonomy":"category","embeddable":true,"href":"https:\/\/mgv-limburgerhof.de\/start\/wp-json\/wp\/v2\/categories?post=587"},{"taxonomy":"post_tag","embeddable":true,"href":"https:\/\/mgv-limburgerhof.de\/start\/wp-json\/wp\/v2\/tags?post=587"}],"curies":[{"name":"wp","href":"https:\/\/api.w.org\/{rel}","templated":true}]}}