{"id":606,"date":"2025-09-18T18:23:15","date_gmt":"2025-09-18T18:23:15","guid":{"rendered":"https:\/\/mgv-limburgerhof.de\/start\/?p=606"},"modified":"2025-11-16T10:25:16","modified_gmt":"2025-11-16T10:25:16","slug":"save-the-date-11-10-2025-konzert-thank-you-for-the-music-im-kultursaal-limburgerhof","status":"publish","type":"post","link":"https:\/\/mgv-limburgerhof.de\/start\/save-the-date-11-10-2025-konzert-thank-you-for-the-music-im-kultursaal-limburgerhof\/","title":{"rendered":"11.10.2025 &#8211; Konzert &#8220;Thank you for the music&#8221; im Kultursaal Limburgerhof"},"content":{"rendered":"\t\t<div data-elementor-type=\"wp-post\" data-elementor-id=\"606\" class=\"elementor elementor-606\">\n\t\t\t\t\t\t<section class=\"elementor-section elementor-top-section elementor-element elementor-element-0462386 elementor-section-boxed elementor-section-height-default elementor-section-height-default\" data-id=\"0462386\" data-element_type=\"section\" data-e-type=\"section\">\n\t\t\t\t\t\t<div class=\"elementor-container elementor-column-gap-default\">\n\t\t\t\t\t<div class=\"elementor-column elementor-col-100 elementor-top-column elementor-element elementor-element-6cc3b00\" data-id=\"6cc3b00\" data-element_type=\"column\" data-e-type=\"column\">\n\t\t\t<div class=\"elementor-widget-wrap elementor-element-populated\">\n\t\t\t\t\t\t<div class=\"elementor-element elementor-element-1698d51 elementor-widget elementor-widget-image\" data-id=\"1698d51\" data-element_type=\"widget\" data-e-type=\"widget\" data-widget_type=\"image.default\">\n\t\t\t\t<div class=\"elementor-widget-container\">\n\t\t\t\t\t\t\t\t\t\t\t\t\t\t\t<img fetchpriority=\"high\" decoding=\"async\" width=\"1024\" height=\"461\" src=\"https:\/\/mgv-limburgerhof.de\/wp-content\/uploads\/2025\/09\/IMG-20251011-WA0012-1024x461.jpg\" class=\"attachment-large size-large wp-image-612\" alt=\"\" srcset=\"https:\/\/mgv-limburgerhof.de\/wp-content\/uploads\/2025\/09\/IMG-20251011-WA0012-1024x461.jpg 1024w, https:\/\/mgv-limburgerhof.de\/wp-content\/uploads\/2025\/09\/IMG-20251011-WA0012-300x135.jpg 300w, https:\/\/mgv-limburgerhof.de\/wp-content\/uploads\/2025\/09\/IMG-20251011-WA0012-768x346.jpg 768w, https:\/\/mgv-limburgerhof.de\/wp-content\/uploads\/2025\/09\/IMG-20251011-WA0012-1536x691.jpg 1536w, https:\/\/mgv-limburgerhof.de\/wp-content\/uploads\/2025\/09\/IMG-20251011-WA0012.jpg 1600w\" sizes=\"(max-width: 1024px) 100vw, 1024px\" \/>\t\t\t\t\t\t\t\t\t\t\t\t\t\t\t<\/div>\n\t\t\t\t<\/div>\n\t\t\t\t\t<\/div>\n\t\t<\/div>\n\t\t\t\t\t<\/div>\n\t\t<\/section>\n\t\t\t\t<section class=\"elementor-section elementor-top-section elementor-element elementor-element-679da588 elementor-section-boxed elementor-section-height-default elementor-section-height-default\" data-id=\"679da588\" data-element_type=\"section\" data-e-type=\"section\">\n\t\t\t\t\t\t<div class=\"elementor-container elementor-column-gap-default\">\n\t\t\t\t\t<div class=\"elementor-column elementor-col-100 elementor-top-column elementor-element elementor-element-158bc6fb\" data-id=\"158bc6fb\" data-element_type=\"column\" data-e-type=\"column\">\n\t\t\t<div class=\"elementor-widget-wrap elementor-element-populated\">\n\t\t\t\t\t\t<div class=\"elementor-element elementor-element-5ffb29d2 elementor-widget elementor-widget-text-editor\" data-id=\"5ffb29d2\" data-element_type=\"widget\" data-e-type=\"widget\" data-widget_type=\"text-editor.default\">\n\t\t\t\t<div class=\"elementor-widget-container\">\n\t\t\t\t\t\t\t\t\t<p><\/p>\n<p><\/p>\n<p><\/p>\n<p>Mit stehenden Ovationen wurden die No Limits nach ihrem Konzert am 11.10.2025 vom Publikum belohnt, welches eine musikalische Reise durch die letzten Jahrzehnte, mit bekannten Titeln u. a. von Abba, Elton John und aus Disney-Filmen erlebet hatte. Gleich zu Beginn brachten die No Limits mit \u201eIch will keine Schokolade\u201c von Trude Herr den Saal zum Toben, was ebenso bei \u201eJunge\u201c von den \u00c4rzten gelang. Unter der Leitung von Kristina Franz und begleitet von Ulli N\u00f6tscher am Piano, Gabi Kipper am Bass und Ralf Schnieber am Schlagzeug gelang es dem Chor, ein musikalisches Erlebnis zu schaffen, das alle Generationen begeisterte. Neben den M\u00e4nnerst\u00fccken \u201eIrgendwo auf der Welt\u201c und \u201eI swear\u201c und den Frauenst\u00fccken \u201eAll about that bass\u201c und \u201eBig Spender\u201c kamen auch die solistischen Beitr\u00e4ge beim Publikum gut an. Technisch begleitet wurde das Konzert wie immer von Andreas Gouthier (Masterlight), der die No Limits auch mit bunten Lichtillustrationen gut in Szene setzte. Ein gro\u00dfer Dank geht an die zahlreichen Unterst\u00fctzer:innen, die durch finanzielle und tatkr\u00e4ftige Hilfe den Abend erst m\u00f6glich\u00a0machten.<\/p>\n<p><\/p>\n<p><\/p>\t\t\t\t\t\t\t\t<\/div>\n\t\t\t\t<\/div>\n\t\t\t\t\t<\/div>\n\t\t<\/div>\n\t\t\t\t\t<\/div>\n\t\t<\/section>\n\t\t\t\t<\/div>\n\t\t","protected":false},"excerpt":{"rendered":"<p>Mit stehenden Ovationen wurden die No Limits nach ihrem Konzert am 11.10.2025 vom Publikum belohnt, welches eine musikalische Reise durch die letzten Jahrzehnte, mit bekannten Titeln u. a. von Abba, &#8230; <a title=\"11.10.2025 &#8211; Konzert &#8220;Thank you for the music&#8221; im Kultursaal Limburgerhof\" class=\"read-more\" href=\"https:\/\/mgv-limburgerhof.de\/start\/save-the-date-11-10-2025-konzert-thank-you-for-the-music-im-kultursaal-limburgerhof\/\" aria-label=\"Mehr Informationen \u00fcber 11.10.2025 &#8211; Konzert &#8220;Thank you for the music&#8221; im Kultursaal Limburgerhof\">Weiterlesen<\/a><\/p>\n","protected":false},"author":1,"featured_media":612,"comment_status":"closed","ping_status":"open","sticky":false,"template":"","format":"standard","meta":{"footnotes":""},"categories":[11],"tags":[],"class_list":["post-606","post","type-post","status-publish","format-standard","has-post-thumbnail","hentry","category-11"],"_links":{"self":[{"href":"https:\/\/mgv-limburgerhof.de\/start\/wp-json\/wp\/v2\/posts\/606","targetHints":{"allow":["GET"]}}],"collection":[{"href":"https:\/\/mgv-limburgerhof.de\/start\/wp-json\/wp\/v2\/posts"}],"about":[{"href":"https:\/\/mgv-limburgerhof.de\/start\/wp-json\/wp\/v2\/types\/post"}],"author":[{"embeddable":true,"href":"https:\/\/mgv-limburgerhof.de\/start\/wp-json\/wp\/v2\/users\/1"}],"replies":[{"embeddable":true,"href":"https:\/\/mgv-limburgerhof.de\/start\/wp-json\/wp\/v2\/comments?post=606"}],"version-history":[{"count":4,"href":"https:\/\/mgv-limburgerhof.de\/start\/wp-json\/wp\/v2\/posts\/606\/revisions"}],"predecessor-version":[{"id":615,"href":"https:\/\/mgv-limburgerhof.de\/start\/wp-json\/wp\/v2\/posts\/606\/revisions\/615"}],"wp:featuredmedia":[{"embeddable":true,"href":"https:\/\/mgv-limburgerhof.de\/start\/wp-json\/wp\/v2\/media\/612"}],"wp:attachment":[{"href":"https:\/\/mgv-limburgerhof.de\/start\/wp-json\/wp\/v2\/media?parent=606"}],"wp:term":[{"taxonomy":"category","embeddable":true,"href":"https:\/\/mgv-limburgerhof.de\/start\/wp-json\/wp\/v2\/categories?post=606"},{"taxonomy":"post_tag","embeddable":true,"href":"https:\/\/mgv-limburgerhof.de\/start\/wp-json\/wp\/v2\/tags?post=606"}],"curies":[{"name":"wp","href":"https:\/\/api.w.org\/{rel}","templated":true}]}}